

{"id":43571,"date":"2026-02-23T15:37:30","date_gmt":"2026-02-23T14:37:30","guid":{"rendered":"https:\/\/deutschland-nederland.eu\/?p=43571"},"modified":"2026-02-23T15:37:32","modified_gmt":"2026-02-23T14:37:32","slug":"ki-und-e-health-im-fokus-elfi-und-icec-beim-euregionalen-forum-gesundheitsversorgung","status":"publish","type":"post","link":"https:\/\/deutschland-nederland.eu\/de\/ki-und-e-health-im-fokus-elfi-und-icec-beim-euregionalen-forum-gesundheitsversorgung\/","title":{"rendered":"KI und E-Health im Fokus \u2013 ELFI und ICEC beim Euregionalen Forum Gesundheitsversorgung"},"content":{"rendered":"\n<p>Am Mittwoch, 18. M\u00e4rz, l\u00e4dt das Euregionale Forum Gesundheitsversorgung zur Veranstaltung \u201eKI und E-Health\u201c ins Radboudumc in Nijmegen ein. Im Mittelpunkt stehen aktuelle Entwicklungen rund um K\u00fcnstliche Intelligenz und digitale Anwendungen im Gesundheitswesen sowie deren Bedeutung f\u00fcr die grenz\u00fcbergreifende Zusammenarbeit.<\/p>\n\n\n\n<p>Neben fachlichen Impulsen von Esther Kho (imec \/ OnePlanet Research Center) und Daniela Heeg (Zentrum f\u00fcr K\u00fcnstliche Intelligenz, Medizininformatik und Datenwissenschaften der Knappschaft Kliniken Universit\u00e4tsklinikum Bochum) werden auch die beiden Interreg Deutschland-Nederland Projekte <strong>ICEC<\/strong> und <strong>ELFI<\/strong> vorgestellt.<\/p>\n\n\n\n<p><strong>ICEC (Improving Crossborder Emergency Healthcare)<\/strong> arbeitet an einer strukturierten und nachhaltigen Zusammenarbeit in der grenz\u00fcbergreifenden Akutversorgung. Ziel ist es, Notfallstrukturen zwischen Deutschland und den Niederlanden weiter zu verbessern und die Versorgung von Patientinnen und Patienten in der Grenzregion effizienter zu gestalten.<\/p>\n\n\n\n<p><strong>ELFI<\/strong> setzt den Fokus auf Nachhaltigkeit im Gesundheitswesen. Das Projekt integriert Informationen zur Umweltwirkung medizinischer Behandlungen in bestehende klinische Entscheidungshilfen und tr\u00e4gt damit zu einer bewussteren und nachhaltigeren Entscheidungsfindung im Klinikalltag bei.<\/p>\n\n\n\n<p>Die Veranstaltung bietet Raum f\u00fcr fachlichen Austausch, Vernetzung und neue Impulse rund um KI, E-Health und grenz\u00fcbergreifende Gesundheitsversorgung. ELFI und ICEC sind vor Ort aktiv vertreten und bringen ihre Perspektiven in die Diskussion ein.<\/p>\n\n\n\n<p>\ud83d\udcc5 Mittwoch, 18. M\u00e4rz | 13.30 \u2013 17.00 Uhr<br>\ud83d\udccd Radboudumc, Nijmegen<\/p>\n\n\n\n<p>Anmeldung:<br><a href=\"https:\/\/www.euregio.org\/de\/veranstaltung-ki-und-e-health\" rel=\"nofollow noopener\" target=\"_blank\">https:\/\/www.euregio.org\/de\/veranstaltung-ki-und-e-health<\/a><\/p>\n","protected":false},"excerpt":{"rendered":"<p>Am Mittwoch, 18. M\u00e4rz, l\u00e4dt das Euregionale Forum Gesundheitsversorgung zur Veranstaltung \u201eKI und E-Health\u201c ins Radboudumc in Nijmegen ein. Im Mittelpunkt stehen aktuelle Entwicklungen rund um K\u00fcnstliche Intelligenz und digitale Anwendungen im Gesundheitswesen sowie deren Bedeutung f\u00fcr die grenz\u00fcbergreifende Zusammenarbeit. Neben fachlichen Impulsen von Esther Kho (imec \/ OnePlanet Research Center) und Daniela Heeg (Zentrum [&hellip;]<\/p>\n","protected":false},"author":7,"featured_media":43572,"comment_status":"closed","ping_status":"closed","sticky":false,"template":"","format":"standard","meta":{"_acf_changed":false,"footnotes":""},"categories":[214],"tags":[],"class_list":["post-43571","post","type-post","status-publish","format-standard","has-post-thumbnail","hentry","category-unkategorisiert-2"],"acf":[],"_links":{"self":[{"href":"https:\/\/deutschland-nederland.eu\/de\/wp-json\/wp\/v2\/posts\/43571","targetHints":{"allow":["GET"]}}],"collection":[{"href":"https:\/\/deutschland-nederland.eu\/de\/wp-json\/wp\/v2\/posts"}],"about":[{"href":"https:\/\/deutschland-nederland.eu\/de\/wp-json\/wp\/v2\/types\/post"}],"author":[{"embeddable":true,"href":"https:\/\/deutschland-nederland.eu\/de\/wp-json\/wp\/v2\/users\/7"}],"replies":[{"embeddable":true,"href":"https:\/\/deutschland-nederland.eu\/de\/wp-json\/wp\/v2\/comments?post=43571"}],"version-history":[{"count":1,"href":"https:\/\/deutschland-nederland.eu\/de\/wp-json\/wp\/v2\/posts\/43571\/revisions"}],"predecessor-version":[{"id":43575,"href":"https:\/\/deutschland-nederland.eu\/de\/wp-json\/wp\/v2\/posts\/43571\/revisions\/43575"}],"wp:featuredmedia":[{"embeddable":true,"href":"https:\/\/deutschland-nederland.eu\/de\/wp-json\/wp\/v2\/media\/43572"}],"wp:attachment":[{"href":"https:\/\/deutschland-nederland.eu\/de\/wp-json\/wp\/v2\/media?parent=43571"}],"wp:term":[{"taxonomy":"category","embeddable":true,"href":"https:\/\/deutschland-nederland.eu\/de\/wp-json\/wp\/v2\/categories?post=43571"},{"taxonomy":"post_tag","embeddable":true,"href":"https:\/\/deutschland-nederland.eu\/de\/wp-json\/wp\/v2\/tags?post=43571"}],"curies":[{"name":"wp","href":"https:\/\/api.w.org\/{rel}","templated":true}]}}