

{"id":43526,"date":"2026-02-17T15:39:22","date_gmt":"2026-02-17T14:39:22","guid":{"rendered":"https:\/\/deutschland-nederland.eu\/?p=43526"},"modified":"2026-02-17T15:39:24","modified_gmt":"2026-02-17T14:39:24","slug":"35-jahre-interreg-deutschland-nederland-ihr-beitrag-zaehlt","status":"publish","type":"post","link":"https:\/\/deutschland-nederland.eu\/de\/35-jahre-interreg-deutschland-nederland-ihr-beitrag-zaehlt\/","title":{"rendered":"35 Jahre Interreg Deutschland-Nederland \u2013 Ihr Beitrag z\u00e4hlt"},"content":{"rendered":"\n<p>2026 feiert das Interreg-Programm Deutschland\u2013Nederland sein 35-j\u00e4hriges Bestehen. Seit 1991 steht Interreg f\u00fcr grenz\u00fcbergreifende Zusammenarbeit, gemeinsame Projekte und nachhaltige Ergebnisse in der Grenzregion.<\/p>\n\n\n\n<p>Zum Jubil\u00e4um m\u00f6chten wir gemeinsam zur\u00fcckblicken \u2013 und nach vorn schauen. Mit einer kurzen Umfrage sammeln wir Meilensteine, pr\u00e4gende Projekte, pers\u00f6nliche Erfahrungen und Ergebnisse aus 35 Jahren Interreg Deutschland-Nederland. Ihr Beitrag flie\u00dft in verschiedene Jubil\u00e4ums- und Kommunikationsformate im laufenden Jahr ein.<\/p>\n\n\n\n<p>\ud83d\udc49 <strong>Jetzt an der Umfrage teilnehmen:<\/strong><br><a href=\"https:\/\/forms.cloud.microsoft\/pages\/responsepage.aspx?id=r10riX-uWkCLedWsLqzUnY69UmGNC4BHpNV5VvufCadUNTlHR0tSVDRMWlJNWFdLQkdSTDBTNlRSRi4u&amp;route=shorturl\" rel=\"nofollow noopener\" target=\"_blank\">https:\/\/forms.cloud.microsoft\/pages\/responsepage.aspx?id=r10riX-uWkCLedWsLqzUnY69UmGNC4BHpNV5VvufCadUNTlHR0tSVDRMWlJNWFdLQkdSTDBTNlRSRi4u&amp;route=shorturl<\/a><\/p>\n","protected":false},"excerpt":{"rendered":"<p>2026 feiert das Interreg-Programm Deutschland\u2013Nederland sein 35-j\u00e4hriges Bestehen. Seit 1991 steht Interreg f\u00fcr grenz\u00fcbergreifende Zusammenarbeit, gemeinsame Projekte und nachhaltige Ergebnisse in der Grenzregion. Zum Jubil\u00e4um m\u00f6chten wir gemeinsam zur\u00fcckblicken \u2013 und nach vorn schauen. Mit einer kurzen Umfrage sammeln wir Meilensteine, pr\u00e4gende Projekte, pers\u00f6nliche Erfahrungen und Ergebnisse aus 35 Jahren Interreg Deutschland-Nederland. Ihr Beitrag flie\u00dft [&hellip;]<\/p>\n","protected":false},"author":7,"featured_media":43527,"comment_status":"closed","ping_status":"closed","sticky":false,"template":"","format":"standard","meta":{"_acf_changed":false,"footnotes":""},"categories":[214],"tags":[],"class_list":["post-43526","post","type-post","status-publish","format-standard","has-post-thumbnail","hentry","category-unkategorisiert-2"],"acf":[],"_links":{"self":[{"href":"https:\/\/deutschland-nederland.eu\/de\/wp-json\/wp\/v2\/posts\/43526","targetHints":{"allow":["GET"]}}],"collection":[{"href":"https:\/\/deutschland-nederland.eu\/de\/wp-json\/wp\/v2\/posts"}],"about":[{"href":"https:\/\/deutschland-nederland.eu\/de\/wp-json\/wp\/v2\/types\/post"}],"author":[{"embeddable":true,"href":"https:\/\/deutschland-nederland.eu\/de\/wp-json\/wp\/v2\/users\/7"}],"replies":[{"embeddable":true,"href":"https:\/\/deutschland-nederland.eu\/de\/wp-json\/wp\/v2\/comments?post=43526"}],"version-history":[{"count":1,"href":"https:\/\/deutschland-nederland.eu\/de\/wp-json\/wp\/v2\/posts\/43526\/revisions"}],"predecessor-version":[{"id":43530,"href":"https:\/\/deutschland-nederland.eu\/de\/wp-json\/wp\/v2\/posts\/43526\/revisions\/43530"}],"wp:featuredmedia":[{"embeddable":true,"href":"https:\/\/deutschland-nederland.eu\/de\/wp-json\/wp\/v2\/media\/43527"}],"wp:attachment":[{"href":"https:\/\/deutschland-nederland.eu\/de\/wp-json\/wp\/v2\/media?parent=43526"}],"wp:term":[{"taxonomy":"category","embeddable":true,"href":"https:\/\/deutschland-nederland.eu\/de\/wp-json\/wp\/v2\/categories?post=43526"},{"taxonomy":"post_tag","embeddable":true,"href":"https:\/\/deutschland-nederland.eu\/de\/wp-json\/wp\/v2\/tags?post=43526"}],"curies":[{"name":"wp","href":"https:\/\/api.w.org\/{rel}","templated":true}]}}