

{"id":43378,"date":"2025-12-15T13:09:01","date_gmt":"2025-12-15T12:09:01","guid":{"rendered":"https:\/\/deutschland-nederland.eu\/interreg-netzwerkveranstaltung\/"},"modified":"2025-12-15T13:12:16","modified_gmt":"2025-12-15T12:12:16","slug":"interreg-netzwerkveranstaltung","status":"publish","type":"post","link":"https:\/\/deutschland-nederland.eu\/de\/interreg-netzwerkveranstaltung\/","title":{"rendered":"Interreg-Netzwerkveranstaltung"},"content":{"rendered":"\n<p>Am 18. November fand auf dem Brightlands Campus Greenport Venlo (Villa Flora) die Interreg-Netzwerkveranstaltung &#8222;Innovationen mit Interreg&#8220; statt \u2013 ein inspirierender Nachmittag voller Austausch, m\u00f6glichen Projektideen und dem offiziellen Kick-Off des neuen Interreg-Projekts KPF FoodPlus.<br><br>\u201eReichen Sie bis Mitte 2026 neue Projekte f\u00fcr das laufende Interreg-Programm Deutschland-Nederland ein, um m\u00f6glicherweise noch von europ\u00e4ischen F\u00f6rdermitteln profitieren zu k\u00f6nnen. Die Zeit dr\u00e4ngt, denn es stehen noch rund 50 Millionen Euro f\u00fcr Projekte zur Verf\u00fcgung, die bis Mitte 2029 laufen\u201c, sagte Martijn Spaargaren (Regionales Programmmanagement) w\u00e4hrend des Interreg-Netzwerktreffens. Karina Verbeek-Verhoeven, die das Treffen organisierte, sprach von einer erfolgreichen Netzwerkveranstaltung, an der rund 60 Personen teilnahmen.<br><br>Anke Schirocki (Agrobusiness Niederrhein e.V.) gab Einblicke in das Agropole Innovates-Projekt sowie ihre langj\u00e4hrige Interreg-Erfahrung und betonte, wie wichtig das Interreg-Programm f\u00fcr die grenz\u00fcbergreifende Zusammenarbeit ist: \u201eInterreg-Projekte schaffen grenz\u00fcberschreitende Kooperationen, die ohne Interreg nicht zustande gekommen w\u00e4ren.\u201c Zudem hob sie die gute Begleitung des regionalen Programmmanagements hervor.<br><br>Maaike B\u00fcchner und Erwin Altena von der niederl\u00e4ndischen Entwicklungsgesellschaft Oost NL erkl\u00e4rten, inwiefern (teil-)offene Projekte einen idealen Einstieg in die Interreg-Welt bieten, insbesondere f\u00fcr Innovationsvorhaben. Die gr\u00f6\u00dfte Herausforderung sei die echte, allt\u00e4gliche Zusammenarbeit \u00fcber Grenzen hinweg. Ab Januar 2026 soll ein neues Netzwerk entstehen, das durch strukturiertes Matchmaking im Rahmen des bereits laufenden Projekts KPF INDUSTR_I4.0 schneller passende Projektpartner zusammenbringen soll. Hiervon sollen auch Unternehmen aus anderen Projekten profitieren.<br><br>Henry Endemann und Frank Schnitzler sprachen \u00fcber attraktive Unternehmensstandorte, die so gestaltet werden, dass sie Fachkr\u00e4fte und Investoren anziehen.<br><br>Eine Campus-Rundf\u00fchrung und Projektpr\u00e4sentationen zu den Interreg-Projekten Irristaud 2.0 und SPoHF sowie mehrere Pitches boten weitere M\u00f6glichkeiten, Kontakte zu kn\u00fcpfen und Partner zu finden.<br>\u00a0<br>Ein besonderes Highlight war der offizielle Start des Projekts KPF FoodPlus, angek\u00fcndigt durch Vincent ten Voorde, dem neuen Direktor der Eems Dollard Regio (EDR), die als Lead Partner von KPF FoodPlus fungiert.<br>Das Projekt hat sich 65 Machbarkeitsstudien und 65 Innovationsprojekte zum Ziel gesetzt. Interessierte KMU aus Agrar- und Ern\u00e4hrungswirtschaft sowie Hochschulen und Forschungseinrichtungen als unterst\u00fctzende Partner aus dem gesamten Interreg-Programmgebiet k\u00f6nnen sich f\u00fcr dieses teiloffene Projekt bewerben. Insgesamt stehen fast 10 Mio. Euro f\u00fcr innovative Vorhaben bereit \u2013 ein starker Impuls f\u00fcr die grenz\u00fcbergreifende Zusammenarbeit.<br><br>Danke an alle Beteiligten f\u00fcr den informativen Austausch!<\/p>\n","protected":false},"excerpt":{"rendered":"<p>Am 18. November fand auf dem Brightlands Campus Greenport Venlo (Villa Flora) die Interreg-Netzwerkveranstaltung &#8222;Innovationen mit Interreg&#8220; statt \u2013 ein inspirierender Nachmittag voller Austausch, m\u00f6glichen Projektideen und dem offiziellen Kick-Off des neuen Interreg-Projekts KPF FoodPlus. \u201eReichen Sie bis Mitte 2026 neue Projekte f\u00fcr das laufende Interreg-Programm Deutschland-Nederland ein, um m\u00f6glicherweise noch von europ\u00e4ischen F\u00f6rdermitteln profitieren [&hellip;]<\/p>\n","protected":false},"author":7,"featured_media":43376,"comment_status":"closed","ping_status":"closed","sticky":false,"template":"","format":"standard","meta":{"_acf_changed":false,"footnotes":""},"categories":[214],"tags":[],"class_list":["post-43378","post","type-post","status-publish","format-standard","has-post-thumbnail","hentry","category-unkategorisiert-2"],"acf":[],"_links":{"self":[{"href":"https:\/\/deutschland-nederland.eu\/de\/wp-json\/wp\/v2\/posts\/43378","targetHints":{"allow":["GET"]}}],"collection":[{"href":"https:\/\/deutschland-nederland.eu\/de\/wp-json\/wp\/v2\/posts"}],"about":[{"href":"https:\/\/deutschland-nederland.eu\/de\/wp-json\/wp\/v2\/types\/post"}],"author":[{"embeddable":true,"href":"https:\/\/deutschland-nederland.eu\/de\/wp-json\/wp\/v2\/users\/7"}],"replies":[{"embeddable":true,"href":"https:\/\/deutschland-nederland.eu\/de\/wp-json\/wp\/v2\/comments?post=43378"}],"version-history":[{"count":1,"href":"https:\/\/deutschland-nederland.eu\/de\/wp-json\/wp\/v2\/posts\/43378\/revisions"}],"predecessor-version":[{"id":43379,"href":"https:\/\/deutschland-nederland.eu\/de\/wp-json\/wp\/v2\/posts\/43378\/revisions\/43379"}],"wp:featuredmedia":[{"embeddable":true,"href":"https:\/\/deutschland-nederland.eu\/de\/wp-json\/wp\/v2\/media\/43376"}],"wp:attachment":[{"href":"https:\/\/deutschland-nederland.eu\/de\/wp-json\/wp\/v2\/media?parent=43378"}],"wp:term":[{"taxonomy":"category","embeddable":true,"href":"https:\/\/deutschland-nederland.eu\/de\/wp-json\/wp\/v2\/categories?post=43378"},{"taxonomy":"post_tag","embeddable":true,"href":"https:\/\/deutschland-nederland.eu\/de\/wp-json\/wp\/v2\/tags?post=43378"}],"curies":[{"name":"wp","href":"https:\/\/api.w.org\/{rel}","templated":true}]}}