

{"id":42929,"date":"2025-07-11T15:11:12","date_gmt":"2025-07-11T12:11:12","guid":{"rendered":"https:\/\/deutschland-nederland.eu\/?p=42929"},"modified":"2025-07-11T17:32:22","modified_gmt":"2025-07-11T14:32:22","slug":"kongress-klimawandel-staedte-gemeinsam-handeln-am-2-september","status":"publish","type":"post","link":"https:\/\/deutschland-nederland.eu\/de\/kongress-klimawandel-staedte-gemeinsam-handeln-am-2-september\/","title":{"rendered":"Kongress \u201eKlimawandel &amp; St\u00e4dte \u2013 Gemeinsam handeln\u201c am 2. September"},"content":{"rendered":"\n<p>Wie k\u00f6nnen St\u00e4dte klimaresilienter werden? Welche innovativen Ans\u00e4tze gibt es \u2013 und wie gelingt der Transfer in die Praxis?&nbsp; Diese Fragen stehen im Zentrum des interdisziplin\u00e4ren Kongresses \u201eKlimawandel &amp; St\u00e4dte&#8220;, der am 2. September 2025 im Zentrum f\u00fcr Umwelt und Kommunikation der Deutschen Bundesstiftung Umwelt in Osnabr\u00fcck stattfindet.&nbsp;<\/p>\n\n\n\n<p>Hitzewellen, Trockenheit, Schadstoffbelastung: Die Klimakrise ist in unseren St\u00e4dten l\u00e4ngst Realit\u00e4t \u2013 und trifft besonders die st\u00e4dtische Infrastruktur, das Gesundheitswesen und den sozialen Zusammenhalt.<\/p>\n\n\n\n<p>Der Kongress bringt Expert:innen aus Stadtentwicklung, Klimaschutz, Gesundheit, Wirtschaft, Forschung und Zivilgesellschaft zusammen \u2013 um Wissen zu b\u00fcndeln, Netzwerke zu st\u00e4rken und gemeinsam konkrete L\u00f6sungsans\u00e4tze zu entwickeln.<\/p>\n\n\n\n<p>Ein Highlight im Programm ist die Vorstellung des grenz\u00fcbergreifenden Interreg-Projekts FutureBEEing, das Impulse f\u00fcr klimaangepasste Stadtentwicklung in der deutsch-niederl\u00e4ndischen Grenzregion liefert.<\/p>\n\n\n\n<p>Nutzen Sie den Kongress als Raum f\u00fcr Austausch, Perspektivwechsel und Zusammenarbeit \u00fcber Disziplinen und L\u00e4ndergrenzen hinweg!<\/p>\n\n\n\n<p>\u27a1\ufe0f Mehr Infos &amp; Anmeldung: <a href=\"https:\/\/www.klimafrieden-os.de\/blog-posts\/kongress-klimawandel-staedte\" rel=\"nofollow noopener\" target=\"_blank\">https:\/\/www.klimafrieden-os.de\/blog-posts\/kongress-klimawandel-staedte<\/a><\/p>\n","protected":false},"excerpt":{"rendered":"<p>Wie k\u00f6nnen St\u00e4dte klimaresilienter werden? Welche innovativen Ans\u00e4tze gibt es \u2013 und wie gelingt der Transfer in die Praxis?&nbsp; Diese Fragen stehen im Zentrum des interdisziplin\u00e4ren Kongresses \u201eKlimawandel &amp; St\u00e4dte&#8220;, der am 2. September 2025 im Zentrum f\u00fcr Umwelt und Kommunikation der Deutschen Bundesstiftung Umwelt in Osnabr\u00fcck stattfindet.&nbsp; Hitzewellen, Trockenheit, Schadstoffbelastung: Die Klimakrise ist in [&hellip;]<\/p>\n","protected":false},"author":12,"featured_media":42931,"comment_status":"closed","ping_status":"closed","sticky":false,"template":"","format":"standard","meta":{"_acf_changed":false,"footnotes":""},"categories":[],"tags":[],"class_list":["post-42929","post","type-post","status-publish","format-standard","has-post-thumbnail","hentry"],"acf":[],"_links":{"self":[{"href":"https:\/\/deutschland-nederland.eu\/de\/wp-json\/wp\/v2\/posts\/42929","targetHints":{"allow":["GET"]}}],"collection":[{"href":"https:\/\/deutschland-nederland.eu\/de\/wp-json\/wp\/v2\/posts"}],"about":[{"href":"https:\/\/deutschland-nederland.eu\/de\/wp-json\/wp\/v2\/types\/post"}],"author":[{"embeddable":true,"href":"https:\/\/deutschland-nederland.eu\/de\/wp-json\/wp\/v2\/users\/12"}],"replies":[{"embeddable":true,"href":"https:\/\/deutschland-nederland.eu\/de\/wp-json\/wp\/v2\/comments?post=42929"}],"version-history":[{"count":1,"href":"https:\/\/deutschland-nederland.eu\/de\/wp-json\/wp\/v2\/posts\/42929\/revisions"}],"predecessor-version":[{"id":42938,"href":"https:\/\/deutschland-nederland.eu\/de\/wp-json\/wp\/v2\/posts\/42929\/revisions\/42938"}],"wp:featuredmedia":[{"embeddable":true,"href":"https:\/\/deutschland-nederland.eu\/de\/wp-json\/wp\/v2\/media\/42931"}],"wp:attachment":[{"href":"https:\/\/deutschland-nederland.eu\/de\/wp-json\/wp\/v2\/media?parent=42929"}],"wp:term":[{"taxonomy":"category","embeddable":true,"href":"https:\/\/deutschland-nederland.eu\/de\/wp-json\/wp\/v2\/categories?post=42929"},{"taxonomy":"post_tag","embeddable":true,"href":"https:\/\/deutschland-nederland.eu\/de\/wp-json\/wp\/v2\/tags?post=42929"}],"curies":[{"name":"wp","href":"https:\/\/api.w.org\/{rel}","templated":true}]}}