

{"id":37033,"date":"2020-02-10T18:44:00","date_gmt":"2020-02-10T15:44:00","guid":{"rendered":"https:\/\/stage.deutschland-nederland.eu\/?p=37033"},"modified":"2023-12-19T18:48:28","modified_gmt":"2023-12-19T15:48:28","slug":"enerpro","status":"publish","type":"post","link":"https:\/\/deutschland-nederland.eu\/de\/enerpro\/","title":{"rendered":"EnerPRO:"},"content":{"rendered":"\n<p>Die gro\u00dfen Herausforderungen unserer Zeit im Bereich Klima und Energiewandel erfordern innovative Ideen von Unternehmern. Egal ob Solartechnik und Photovoltaik, Brennstoffzellen oder Wasserstofftechnologien, Energiespeicher, Systemintegration erneuerbarer Energien oder Elektromobilit\u00e4t \u2013 das Projekt steht allen offen. Dank einem mehrstufigen F\u00f6rdermodell erhalten kleine und mittelst\u00e4ndische Unternehmen finanzielle Unterst\u00fctzung von der Konzeptentwicklung \u00fcber Machbarkeitsstudien bis hin zur Produktentwicklung. Die F\u00f6rderung betr\u00e4gt max. 60.000 \u20ac.<\/p>\n\n\n\n<p><strong>Es besteht f\u00fcr entsprechende, im EnerPRO-Projektgebiet t\u00e4tige, Unternehmen noch die M\u00f6glichkeit zur Teilnahme am Projekt.<\/strong><\/p>\n\n\n\n<p>Nehmen Sie dazu Kontakt zu dem Regiokoordinator in Ihrer Region auf:&nbsp;<a href=\"https:\/\/enerpro.hs-duesseldorf.de\/gebiete\" target=\"_blank\" rel=\"noreferrer noopener nofollow\">https:\/\/enerpro.hs-duesseldorf.de\/gebiete<\/a>.<\/p>\n\n\n\n<p>Weitere Infos finden Sie unter&nbsp;<a href=\"https:\/\/enerpro.hs-duesseldorf.de\/\" target=\"_blank\" rel=\"noreferrer noopener nofollow\">https:\/\/enerpro.hs-duesseldorf.de\/<\/a>.<\/p>\n","protected":false},"excerpt":{"rendered":"<p>Die gro\u00dfen Herausforderungen unserer Zeit im Bereich Klima und Energiewandel erfordern innovative Ideen von Unternehmern. Egal ob&#8230;<\/p>\n","protected":false},"author":99,"featured_media":37038,"comment_status":"closed","ping_status":"closed","sticky":false,"template":"","format":"standard","meta":{"_acf_changed":false,"footnotes":""},"categories":[20,21],"tags":[],"class_list":["post-37033","post","type-post","status-publish","format-standard","has-post-thumbnail","hentry","category-allgemein","category-start"],"acf":[],"_links":{"self":[{"href":"https:\/\/deutschland-nederland.eu\/de\/wp-json\/wp\/v2\/posts\/37033","targetHints":{"allow":["GET"]}}],"collection":[{"href":"https:\/\/deutschland-nederland.eu\/de\/wp-json\/wp\/v2\/posts"}],"about":[{"href":"https:\/\/deutschland-nederland.eu\/de\/wp-json\/wp\/v2\/types\/post"}],"author":[{"embeddable":true,"href":"https:\/\/deutschland-nederland.eu\/de\/wp-json\/wp\/v2\/users\/99"}],"replies":[{"embeddable":true,"href":"https:\/\/deutschland-nederland.eu\/de\/wp-json\/wp\/v2\/comments?post=37033"}],"version-history":[{"count":0,"href":"https:\/\/deutschland-nederland.eu\/de\/wp-json\/wp\/v2\/posts\/37033\/revisions"}],"wp:featuredmedia":[{"embeddable":true,"href":"https:\/\/deutschland-nederland.eu\/de\/wp-json\/wp\/v2\/media\/37038"}],"wp:attachment":[{"href":"https:\/\/deutschland-nederland.eu\/de\/wp-json\/wp\/v2\/media?parent=37033"}],"wp:term":[{"taxonomy":"category","embeddable":true,"href":"https:\/\/deutschland-nederland.eu\/de\/wp-json\/wp\/v2\/categories?post=37033"},{"taxonomy":"post_tag","embeddable":true,"href":"https:\/\/deutschland-nederland.eu\/de\/wp-json\/wp\/v2\/tags?post=37033"}],"curies":[{"name":"wp","href":"https:\/\/api.w.org\/{rel}","templated":true}]}}