

{"id":37028,"date":"2020-05-05T18:43:00","date_gmt":"2020-05-05T15:43:00","guid":{"rendered":"https:\/\/stage.deutschland-nederland.eu\/?p=37028"},"modified":"2023-12-19T18:45:46","modified_gmt":"2023-12-19T15:45:46","slug":"gesichtsschutzschilde-aus-biopolymermaterial","status":"publish","type":"post","link":"https:\/\/deutschland-nederland.eu\/de\/gesichtsschutzschilde-aus-biopolymermaterial\/","title":{"rendered":"Gesichtsschutzschilde aus Biopolymermaterial"},"content":{"rendered":"\n<p><strong>3D-Druckaktion gestartet \u2013 3N und Verbundpartner stellen Gesichtsschutz zur Verf\u00fcgung<\/strong><\/p>\n\n\n\n<p><em>Aufgrund der aktuellen Covid-19-Situation und dem hohen Bedarf an Gesichtsschutzprodukten laufen seit einigen Tagen die 3D-Drucker im Klimacenter in Werlte auf Hochtouren.<\/em><\/p>\n\n\n\n<p>Die aktuell dringend ben\u00f6tigten Gesichtsschutzschilde werden in der Regel aus erd\u00f6lbasierten Kunststoffen hergestellt. Doch es gibt eine umweltvertr\u00e4glichere Alternative: Die Schutzschilde k\u00f6nnen auch aus Biopolymeren hergestellt werden. Daran arbeitet aktuell das 3N Kompetenzzentrum Niedersachsen Netzwerk Nachwachsende Rohstoffe und Bio\u00f6konomie in Werlte. Kerngesch\u00e4ft von 3N ist die Entwicklung von naturfaserverst\u00e4rkten Verbundwerkstoffen. 3N betreibt gemeinsam mit dem Projektpartner IST-Ficotex im Klimacenter Werlte ein 3D-Drucktechnikum. Nun werden diese Forschungskapazit\u00e4ten genutzt, um Gesichtsschutzschilde aus Biopolymermaterial zu produzieren, die kostenfrei an Pflegeeinrichtungen, Hilfskr\u00e4fte und Praxen in der Region abgegeben werden.<\/p>\n\n\n\n<p>\u201eBisher wurden rund 200 Gesichtsschutzschilde im 3D\u2013Seriendruck aus Biopolymermaterial hergestellt und an Pflegeeinrichtungen in der Region verteilt\u201c, so die Projektleiter Hansj\u00f6rg Wieland vom 3N Kompetenzzentrum und Gerhard Wilkens von der IST-Ficotex. Kurzfristig sollen rund 1.000 Gesichtsschutzschilde zur Verf\u00fcgung stehen, die zus\u00e4tzliche zur Maske eingesetzt werden. \u201eWir wollen mit dieser gemeinsamen Aktion einen kleinen Beitrag zur Unterst\u00fctzung leisten\u201c. In einem weiteren Schritt wird im Verbund mit regionalen Unternehmen eine Fertigung gr\u00f6\u00dferer St\u00fcckzahlen im Spritzgussverfahren vorbereitet. Auch hier sollen Biopolymermaterialien zum Einsatz kommen.<\/p>\n\n\n\n<p>Die jetzige T\u00e4tigkeit ist Ergebnis bestehender Forschungs- und Entwicklungsarbeiten im grenz\u00fcbergreifenden Projekt \u201eBio\u00f6konomie \u2013 Gr\u00fcne Chemie\u201c, erl\u00e4utert 3N Gesch\u00e4ftsf\u00fchrerin Dr. Marie-Luise Rottmann-Meyer. Das Projekt wird von der Ems Dollart Region (EDR) grenz\u00fcbergreifend geleitet und wird im Rahmen des INTERREG V A-Programms Deutschland-Niederlande mit Mitteln des Europ\u00e4ischen Fonds f\u00fcr Regionale Entwicklung (EFRE) und durch Mittel des niederl\u00e4ndischen Wirtschaftsministeriums, von f\u00fcnf niederl\u00e4ndischen Provinzen und des Landes Niedersachsen unterst\u00fctzt. In den letzten Jahren wurden dadurch verschiedene biobasierte Materialien entwickelt und erfolgreich getestet, die jetzt in der Praxis genutzt werden.<\/p>\n\n\n\n<p>Weitere Informationen in der 3N Gesch\u00e4ftsstelle Werlte unter 05951-989310 oder Kontakt \u00fcber info@3-n.info.<\/p>\n","protected":false},"excerpt":{"rendered":"<p>3D-Druckaktion gestartet \u2013 3N und Verbundpartner stellen Gesichtsschutz zur Verf\u00fcgung Aufgrund der&#8230;<\/p>\n","protected":false},"author":98,"featured_media":37029,"comment_status":"closed","ping_status":"closed","sticky":false,"template":"","format":"standard","meta":{"_acf_changed":false,"footnotes":""},"categories":[20],"tags":[],"class_list":["post-37028","post","type-post","status-publish","format-standard","has-post-thumbnail","hentry","category-allgemein"],"acf":[],"_links":{"self":[{"href":"https:\/\/deutschland-nederland.eu\/de\/wp-json\/wp\/v2\/posts\/37028","targetHints":{"allow":["GET"]}}],"collection":[{"href":"https:\/\/deutschland-nederland.eu\/de\/wp-json\/wp\/v2\/posts"}],"about":[{"href":"https:\/\/deutschland-nederland.eu\/de\/wp-json\/wp\/v2\/types\/post"}],"author":[{"embeddable":true,"href":"https:\/\/deutschland-nederland.eu\/de\/wp-json\/wp\/v2\/users\/98"}],"replies":[{"embeddable":true,"href":"https:\/\/deutschland-nederland.eu\/de\/wp-json\/wp\/v2\/comments?post=37028"}],"version-history":[{"count":0,"href":"https:\/\/deutschland-nederland.eu\/de\/wp-json\/wp\/v2\/posts\/37028\/revisions"}],"wp:featuredmedia":[{"embeddable":true,"href":"https:\/\/deutschland-nederland.eu\/de\/wp-json\/wp\/v2\/media\/37029"}],"wp:attachment":[{"href":"https:\/\/deutschland-nederland.eu\/de\/wp-json\/wp\/v2\/media?parent=37028"}],"wp:term":[{"taxonomy":"category","embeddable":true,"href":"https:\/\/deutschland-nederland.eu\/de\/wp-json\/wp\/v2\/categories?post=37028"},{"taxonomy":"post_tag","embeddable":true,"href":"https:\/\/deutschland-nederland.eu\/de\/wp-json\/wp\/v2\/tags?post=37028"}],"curies":[{"name":"wp","href":"https:\/\/api.w.org\/{rel}","templated":true}]}}