

{"id":36873,"date":"2020-09-07T17:50:00","date_gmt":"2020-09-07T14:50:00","guid":{"rendered":"https:\/\/stage.deutschland-nederland.eu\/?p=36873"},"modified":"2023-12-19T18:06:19","modified_gmt":"2023-12-19T15:06:19","slug":"nl-innenministerium-zu-gast","status":"publish","type":"post","link":"https:\/\/deutschland-nederland.eu\/de\/nl-innenministerium-zu-gast\/","title":{"rendered":"NL. INNENMINISTERIUM ZU GAST"},"content":{"rendered":"\n<p><strong>Am Freitag, dem 4. September 2020 statteten Natalie Burgers, Dezernatsleiterin Region und Lebensqualit\u00e4t im niederl\u00e4ndischen Innenministerium, und Willemieke Hornis, Referatsleiterin Grenz\u00fcberschreitende Zusammenarbeit im Dezernat Region und Lebensqualit\u00e4t, der Euregio Rhein-Waal in Kleve einen Arbeitsbesuch ab.<\/strong><\/p>\n\n\n\n<p>Mit dabei waren auch Doede Sijtsma und Ellen Jansen von der Provinz Gelderland, die die Initiative f\u00fcr diesen Arbeitsbesuch ergriffen hatten.<\/p>\n\n\n\n<p>In dem Gespr\u00e4ch mit Sjaak Kamps, Gesch\u00e4ftsf\u00fchrer der Euregio Rhein-Waal, und Peter Paul Knol, Leiter des Gemeinsamen INTERREG-Sekretariats f\u00fcr das EU-Programm INTERREG Deutschland-Nederland, wurde ausf\u00fchrlich \u00fcber die neue INTERREG VI-F\u00f6rderperiode gesprochen und die Problematik des grenz\u00fcberschreitenden Einsatzes von Rettungswagen und der osteurop\u00e4ischen Arbeitsmigranten diskutiert. Des Weiteren wurde die Zusammenarbeit in den Bereichen Gesundheitsversorgung und \u00f6ffentliche Ordnung und Sicherheit sowie im Rahmen der GrenzInfoPunkte thematisiert.<\/p>\n\n\n\n<p>Das Programm wurde mit einem Besuch an die Stadt Duisburg fortgesetzt, wo im Duisburger Rathaus der demografische Wandel und Stadtplanung erl\u00e4utert wurden.<\/p>\n","protected":false},"excerpt":{"rendered":"<p>Am Freitag, dem 4. September 2020 statteten Natalie Burgers, Dezernatsleiterin Region und Lebensqualit\u00e4t im niederl\u00e4ndischen Innenministerium, und&#8230;<\/p>\n","protected":false},"author":99,"featured_media":36883,"comment_status":"closed","ping_status":"closed","sticky":false,"template":"","format":"standard","meta":{"_acf_changed":false,"footnotes":""},"categories":[214],"tags":[],"class_list":["post-36873","post","type-post","status-publish","format-standard","has-post-thumbnail","hentry","category-unkategorisiert-2"],"acf":[],"_links":{"self":[{"href":"https:\/\/deutschland-nederland.eu\/de\/wp-json\/wp\/v2\/posts\/36873","targetHints":{"allow":["GET"]}}],"collection":[{"href":"https:\/\/deutschland-nederland.eu\/de\/wp-json\/wp\/v2\/posts"}],"about":[{"href":"https:\/\/deutschland-nederland.eu\/de\/wp-json\/wp\/v2\/types\/post"}],"author":[{"embeddable":true,"href":"https:\/\/deutschland-nederland.eu\/de\/wp-json\/wp\/v2\/users\/99"}],"replies":[{"embeddable":true,"href":"https:\/\/deutschland-nederland.eu\/de\/wp-json\/wp\/v2\/comments?post=36873"}],"version-history":[{"count":0,"href":"https:\/\/deutschland-nederland.eu\/de\/wp-json\/wp\/v2\/posts\/36873\/revisions"}],"wp:featuredmedia":[{"embeddable":true,"href":"https:\/\/deutschland-nederland.eu\/de\/wp-json\/wp\/v2\/media\/36883"}],"wp:attachment":[{"href":"https:\/\/deutschland-nederland.eu\/de\/wp-json\/wp\/v2\/media?parent=36873"}],"wp:term":[{"taxonomy":"category","embeddable":true,"href":"https:\/\/deutschland-nederland.eu\/de\/wp-json\/wp\/v2\/categories?post=36873"},{"taxonomy":"post_tag","embeddable":true,"href":"https:\/\/deutschland-nederland.eu\/de\/wp-json\/wp\/v2\/tags?post=36873"}],"curies":[{"name":"wp","href":"https:\/\/api.w.org\/{rel}","templated":true}]}}