

{"id":36604,"date":"2021-02-09T15:24:00","date_gmt":"2021-02-09T12:24:00","guid":{"rendered":"https:\/\/stage.deutschland-nederland.eu\/?p=36604"},"modified":"2023-12-19T15:25:25","modified_gmt":"2023-12-19T12:25:25","slug":"grenzuebergreifende-oekologische-verbindung","status":"publish","type":"post","link":"https:\/\/deutschland-nederland.eu\/de\/grenzuebergreifende-oekologische-verbindung\/","title":{"rendered":"Grenz\u00fcbergreifende \u00d6kologische Verbindung"},"content":{"rendered":"\n<p>Im Naturgebiet zwischen Bellingwolde und Rhede (Ems) hat der Bau einer grenz\u00fcbergreifenden \u00f6kologischen Verbindung begonnen. Nach der Fertigstellung k\u00f6nnen Tiere gefahrlos vom deutschen in das niederl\u00e4ndische Naturschutzgebiet wandern und umgekehrt.<\/p>\n\n\n\n<p>Die Arbeiten sind bereits in vollem Gange. So wurde auf niederl\u00e4ndischer Seite im Naturschutzgebiet \u201eDe Lethe\u201c (gelegen zwischen dem \u201eB.L. Tijdenskanaal\u201c und der Grenze zu Deutschland) ein Kanal gebaut. Dazu wurde ein vorhandener Graben verbreitert und in Richtung Osten verl\u00e4ngert. Der neue Kanal wird die \u00f6kologische Verbindung zwischen dem Tijdenskanaal und dem Brualer Schloot auf der deutschen Seite bilden. Der Kanal wird ges\u00e4umt von begr\u00fcnten Ufern, die als Biotope dienen k\u00f6nnen.<\/p>\n\n\n\n<p>In den kommenden Monaten werden auch entlang des Tijdenskanaals noch Ufer als Lebensr\u00e4ume f\u00fcr die Tiere angelegt und ein zweiter Teich als Biotop geschaffen. Die Arbeiten auf niederl\u00e4ndischer Seite werden voraussichtlich schon Ende M\u00e4rz abgeschlossen sein. Dann geht es auf der deutschen Seite weiter. Auch entlang des Brualer Schloots werden naturnahe Ufer geschaffen. Voraussichtlich Mitte 2021 werden die niederl\u00e4ndischen und deutschen Naturgebiete dann endg\u00fcltig miteinander verbunden sein.<\/p>\n\n\n\n<p>Neben der \u00f6kologischen Verbindung wird auch eine grenz\u00fcbergreifende Verbindung der Erholungsgebiete geschaffen. Es wird k\u00fcnftig einen Wanderweg mit Informationstafeln in deutscher und niederl\u00e4ndischer Sprache geben. Auf diese Weise erhalten Wanderer und Spazierg\u00e4nger die Hintergrund-Infos zur Region.<\/p>\n\n\n\n<p><strong><em>Ununterbrochener Naturschutzg\u00fcrtel<\/em><\/strong><\/p>\n\n\n\n<p>In den vergangenen Jahren wurden bereits die Naturschutzgebiete um die Ruiten Aa (im S\u00fcden der Provinz Groningen) und die Westerwoldse Aa (n\u00f6rdlich von Bad Nieuweschans) neu angelegt. Mit Fertigstellung der \u00f6kologischen Verbindung wird es auf niederl\u00e4ndischer Seite einen fast durchg\u00e4ngigen Naturschutzg\u00fcrtel vom Dollart bis Bargerveen in S\u00fcd-Drenthe geben. \u00dcber die \u00f6kologische Verbindung k\u00f6nnen Tierarten wie der Fischotter, die Ringelnatter und die Fledermaus die niederl\u00e4ndisch-deutsche Grenze problemlos passieren. Dadurch entsteht ein enormer Mehrwert f\u00fcr die biologische Vielfalt im Grenzgebiet.<\/p>\n\n\n\n<p>Das Projekt \u201eGrenz\u00fcbergreifende \u00d6kologische Verbindung\u201c wird im Rahmen des INTERREG V A-Programms Deutschland-Nederland mit Mitteln aus dem Europ\u00e4ischen Fonds f\u00fcr Regionale Entwicklung (EFRE) und von der Provinz Groningen sowie vom Nieders\u00e4chsischen Ministerium f\u00fcr Bundes- und Europaangelegenheiten und Regionale Entwicklung kofinanziert.<\/p>\n","protected":false},"excerpt":{"rendered":"<p>Im Naturgebiet zwischen Bellingwolde und Rhede (Ems) hat&#8230;<\/p>\n","protected":false},"author":98,"featured_media":36605,"comment_status":"closed","ping_status":"closed","sticky":false,"template":"","format":"standard","meta":{"_acf_changed":false,"footnotes":""},"categories":[20],"tags":[],"class_list":["post-36604","post","type-post","status-publish","format-standard","has-post-thumbnail","hentry","category-allgemein"],"acf":[],"_links":{"self":[{"href":"https:\/\/deutschland-nederland.eu\/de\/wp-json\/wp\/v2\/posts\/36604","targetHints":{"allow":["GET"]}}],"collection":[{"href":"https:\/\/deutschland-nederland.eu\/de\/wp-json\/wp\/v2\/posts"}],"about":[{"href":"https:\/\/deutschland-nederland.eu\/de\/wp-json\/wp\/v2\/types\/post"}],"author":[{"embeddable":true,"href":"https:\/\/deutschland-nederland.eu\/de\/wp-json\/wp\/v2\/users\/98"}],"replies":[{"embeddable":true,"href":"https:\/\/deutschland-nederland.eu\/de\/wp-json\/wp\/v2\/comments?post=36604"}],"version-history":[{"count":0,"href":"https:\/\/deutschland-nederland.eu\/de\/wp-json\/wp\/v2\/posts\/36604\/revisions"}],"wp:featuredmedia":[{"embeddable":true,"href":"https:\/\/deutschland-nederland.eu\/de\/wp-json\/wp\/v2\/media\/36605"}],"wp:attachment":[{"href":"https:\/\/deutschland-nederland.eu\/de\/wp-json\/wp\/v2\/media?parent=36604"}],"wp:term":[{"taxonomy":"category","embeddable":true,"href":"https:\/\/deutschland-nederland.eu\/de\/wp-json\/wp\/v2\/categories?post=36604"},{"taxonomy":"post_tag","embeddable":true,"href":"https:\/\/deutschland-nederland.eu\/de\/wp-json\/wp\/v2\/tags?post=36604"}],"curies":[{"name":"wp","href":"https:\/\/api.w.org\/{rel}","templated":true}]}}