

{"id":36528,"date":"2021-02-18T15:02:00","date_gmt":"2021-02-18T12:02:00","guid":{"rendered":"https:\/\/stage.deutschland-nederland.eu\/?p=36528"},"modified":"2023-12-19T15:09:11","modified_gmt":"2023-12-19T12:09:11","slug":"letzte-chance-fuer-projektideen","status":"publish","type":"post","link":"https:\/\/deutschland-nederland.eu\/de\/letzte-chance-fuer-projektideen\/","title":{"rendered":"Letzte Chance f\u00fcr Projektideen"},"content":{"rendered":"\n<p>Das derzeitige INTERREG V-Programm Deutschland-Nederland n\u00e4hert sich seinem Ende und es wird intensiv an einem neuen Interreg VI-Programm gearbeitet, das erwartungsgem\u00e4\u00df im Jahr 2022 beginnt. Es gibt aber gute Nachrichten, denn es besteht im aktuellen Programm noch eine letzte Chance, neue \/ zus\u00e4tzliche Projektaktivit\u00e4ten gef\u00f6rdert zu bekommen. Es sind noch rund 500.000 \u20ac an europ\u00e4ischen F\u00f6rdermitteln verf\u00fcgbar.<\/p>\n\n\n\n<p>Alle grenz\u00fcberschreitenden Ideen, die unter die Priorit\u00e4t I (Innovation) des Programms fallen, sind willkommen. Es gibt einige Vorrangkriterien, die bei der Beurteilung ber\u00fccksichtigt werden:<\/p>\n\n\n\n<ul class=\"wp-block-list\">\n<li>Die neuen Projekt(erweiterung)en m\u00fcssen innerhalb der kurzen Restlaufzeit des Programms (bis einschlie\u00dflich 30. Juni 2022) umgesetzt werden und daher nach Genehmigung schnell beginnen k\u00f6nnen.<\/li>\n\n\n\n<li>Zus\u00e4tzliche (neue) Aktivit\u00e4ten in laufenden Interreg-Projekten, ob in offenen Projekten oder nicht, werden bevorzugt; Diese sind relativ schnell zu bewerten und einfach zu starten.<\/li>\n\n\n\n<li>Angesichts der aktuellen Situation werden innovative Initiativen, die zu L\u00f6sungen der (direkten) Folgen der Covid-Krise beitragen k\u00f6nnen, begr\u00fc\u00dft.<\/li>\n<\/ul>\n\n\n\n<p>Es bleibt nur noch relativ wenig Zeit; Eine erste Bewertung erfolgt daher anhand einer kurzen Beschreibung Ihrer Projektidee (<strong>siehe Formular hierunten<\/strong>), damit Sie schnell eine erste Einsch\u00e4tzung durch die INTERREG-Partner dar\u00fcber erhalten, wo Sie stehen. Sofern positiv, wird nach Einreichung des Antrags rasch eine endg\u00fcltige Entscheidung getroffen.<\/p>\n\n\n\n<p>Haben Sie eine gute grenz\u00fcberschreitende innovative Projektidee, wenn m\u00f6glich mit besonderer Covid-Relevanz? F\u00fcr weitere Informationen wenden Sie sich bitte kurzfristig an das regionale Programmmanagement. Ihr Konzept sollte bis zum 5. M\u00e4rz eingegangen sein, damit eine erste Bewertung durch die Interreg-Partner am 7. April erfolgen kann.<\/p>\n\n\n\n<p><a href=\"https:\/\/deutschland-nederland.eu\/wp-content\/uploads\/2023\/12\/Verkort-aanvraagformulier-prio-1-Kurzantragsformular-Prio-1.pdf\" target=\"_blank\" rel=\"noreferrer noopener\">Verkort aanvraagformulier prio 1 \/ Kurzantragsformular Prio 1<\/a><\/p>\n","protected":false},"excerpt":{"rendered":"<p>Das derzeitige INTERREG V-Programm Deutschland-Nederland n\u00e4hert sich seinem Ende und es wird intensiv an einem neuen Interreg&#8230;<\/p>\n","protected":false},"author":98,"featured_media":36543,"comment_status":"closed","ping_status":"closed","sticky":false,"template":"","format":"standard","meta":{"_acf_changed":false,"footnotes":""},"categories":[20],"tags":[],"class_list":["post-36528","post","type-post","status-publish","format-standard","has-post-thumbnail","hentry","category-allgemein"],"acf":[],"_links":{"self":[{"href":"https:\/\/deutschland-nederland.eu\/de\/wp-json\/wp\/v2\/posts\/36528","targetHints":{"allow":["GET"]}}],"collection":[{"href":"https:\/\/deutschland-nederland.eu\/de\/wp-json\/wp\/v2\/posts"}],"about":[{"href":"https:\/\/deutschland-nederland.eu\/de\/wp-json\/wp\/v2\/types\/post"}],"author":[{"embeddable":true,"href":"https:\/\/deutschland-nederland.eu\/de\/wp-json\/wp\/v2\/users\/98"}],"replies":[{"embeddable":true,"href":"https:\/\/deutschland-nederland.eu\/de\/wp-json\/wp\/v2\/comments?post=36528"}],"version-history":[{"count":0,"href":"https:\/\/deutschland-nederland.eu\/de\/wp-json\/wp\/v2\/posts\/36528\/revisions"}],"wp:featuredmedia":[{"embeddable":true,"href":"https:\/\/deutschland-nederland.eu\/de\/wp-json\/wp\/v2\/media\/36543"}],"wp:attachment":[{"href":"https:\/\/deutschland-nederland.eu\/de\/wp-json\/wp\/v2\/media?parent=36528"}],"wp:term":[{"taxonomy":"category","embeddable":true,"href":"https:\/\/deutschland-nederland.eu\/de\/wp-json\/wp\/v2\/categories?post=36528"},{"taxonomy":"post_tag","embeddable":true,"href":"https:\/\/deutschland-nederland.eu\/de\/wp-json\/wp\/v2\/tags?post=36528"}],"curies":[{"name":"wp","href":"https:\/\/api.w.org\/{rel}","templated":true}]}}