

{"id":36350,"date":"2021-05-22T00:46:00","date_gmt":"2021-05-21T21:46:00","guid":{"rendered":"https:\/\/stage.deutschland-nederland.eu\/?p=36350"},"modified":"2023-12-19T00:48:12","modified_gmt":"2023-12-18T21:48:12","slug":"ov-er-de-grens","status":"publish","type":"post","link":"https:\/\/deutschland-nederland.eu\/de\/ov-er-de-grens\/","title":{"rendered":"OV-er de grens"},"content":{"rendered":"\n<p><strong>Am 21.05.2021 wurde das INTERREG-Projekt \u201eOV-er de grens\u201c genehmigt.<\/strong><\/p>\n\n\n\n<p>Seit April 2017 f\u00e4hrt der RE19 von D\u00fcsseldorf nach Emmerich einmal pro Stunde weiter nach Arnheim und schafft damit eine direkte regionale grenz\u00fcberschreitende Zugverbindung zwischen Arnheim und D\u00fcsseldorf. Dazu wurde vereinbart, das Versorgungsgebiet des VRR f\u00fcr diese Verbindung bis in die Niederlande hinein zu erweitern. Von Arnheim aus kann man mit deutschen Bahntickets nach Deutschland reisen. Nachdem die Verbindung nach Arnheim realisiert wurde, kam mehrfach die Frage auf, ob es auch m\u00f6glich ist, die OV-Chipkarte f\u00fcr diesen Zug zu nutzen. Dies setzt die Einrichtung von Check-In- und Check-Out-Punkten an Bahnh\u00f6fen in Deutschland voraus. Durch die M\u00f6glichkeit, an deutschen Bahnh\u00f6fen mit einem in den Niederlanden bekannten System ein- und auszuchecken, wird es m\u00f6glich sein, den grenz\u00fcberschreitenden Zugverkehr \u2013 im Rahmen dieses bekannten Systems \u2013 einfacher zu nutzen. Auch die Stadt Emmerich betrachtet diese Entwicklung mit gro\u00dfem Augenmerk, wegen der gro\u00dfen Gruppe niederl\u00e4ndischer Einwohner innerhalb der Stadtgrenzen, aber auch wenn es um Tagestourismus auf dem Eltenberg und Einkaufsm\u00f6glichkeiten in der Stadt selbst f\u00fcr Niederl\u00e4nder geht. Die bisherige Schwelle, ein deutsches Bahnticket l\u00f6sen zu m\u00fcssen, wird aufgehoben. Derzeit ist geplant, an 3 Bahnh\u00f6fen in Deutschland Chipkarten-Terminals zu platzieren. Dies betrifft die Bahnh\u00f6fe Elten, Emmerich und Praest. Dies wird die M\u00f6glichkeit f\u00fcr mehr echte grenz\u00fcberschreitende D-NL-B\u00fcrgerkontakte und -begegnungen bieten und die Nutzung des grenz\u00fcberschreitenden \u00f6ffentlichen Verkehrs nachhaltig steigern. Auf diese Weise wird der grenz\u00fcberschreitende Reiseverkehr u.a. f\u00fcr Grenzpendler strukturell zug\u00e4nglicher. Die S\u00e4ulen werden zun\u00e4chst an den Bahnh\u00f6fen Elten, Emmerich und Praest aufgestellt. Wenn die Umsetzung positiv bewertet wird, wird mit dem VRR gemeinsam \u00fcberlegt, ob eine Ausweitung auf Empel-Rees und Millingen w\u00fcnschenswert ist. Die OV-S\u00e4ulen an den genannten Bahnh\u00f6fen bleiben auch nach dem Ende des F\u00f6rderzeitraums in Betrieb.<\/p>\n\n\n\n<p>Durchgef\u00fchrt wird das Projekt von der&nbsp;<strong>Provinz Gelderland<\/strong>, sowie von der&nbsp;<strong>Stadt Emmerich am Rhein<\/strong>.<\/p>\n\n\n\n<p>Das Projekt&nbsp;<strong>\u201eOV-er de grens\u201c&nbsp;<\/strong>wird im Rahmen von \u201ePeople to People\u201c mit Mitteln des EU-Programms INTERREG Deutschland-Nederland unterst\u00fctzt.<\/p>\n","protected":false},"excerpt":{"rendered":"<p>Am 21.05.2021 wurde das INTERREG-Projekt \u201eOV-er de grens\u201c genehmigt. Seit April 2017&#8230;<\/p>\n","protected":false},"author":98,"featured_media":36351,"comment_status":"closed","ping_status":"closed","sticky":false,"template":"","format":"standard","meta":{"_acf_changed":false,"footnotes":""},"categories":[20,21],"tags":[],"class_list":["post-36350","post","type-post","status-publish","format-standard","has-post-thumbnail","hentry","category-allgemein","category-start"],"acf":[],"_links":{"self":[{"href":"https:\/\/deutschland-nederland.eu\/de\/wp-json\/wp\/v2\/posts\/36350","targetHints":{"allow":["GET"]}}],"collection":[{"href":"https:\/\/deutschland-nederland.eu\/de\/wp-json\/wp\/v2\/posts"}],"about":[{"href":"https:\/\/deutschland-nederland.eu\/de\/wp-json\/wp\/v2\/types\/post"}],"author":[{"embeddable":true,"href":"https:\/\/deutschland-nederland.eu\/de\/wp-json\/wp\/v2\/users\/98"}],"replies":[{"embeddable":true,"href":"https:\/\/deutschland-nederland.eu\/de\/wp-json\/wp\/v2\/comments?post=36350"}],"version-history":[{"count":0,"href":"https:\/\/deutschland-nederland.eu\/de\/wp-json\/wp\/v2\/posts\/36350\/revisions"}],"wp:featuredmedia":[{"embeddable":true,"href":"https:\/\/deutschland-nederland.eu\/de\/wp-json\/wp\/v2\/media\/36351"}],"wp:attachment":[{"href":"https:\/\/deutschland-nederland.eu\/de\/wp-json\/wp\/v2\/media?parent=36350"}],"wp:term":[{"taxonomy":"category","embeddable":true,"href":"https:\/\/deutschland-nederland.eu\/de\/wp-json\/wp\/v2\/categories?post=36350"},{"taxonomy":"post_tag","embeddable":true,"href":"https:\/\/deutschland-nederland.eu\/de\/wp-json\/wp\/v2\/tags?post=36350"}],"curies":[{"name":"wp","href":"https:\/\/api.w.org\/{rel}","templated":true}]}}