

{"id":36345,"date":"2021-05-25T00:40:00","date_gmt":"2021-05-24T21:40:00","guid":{"rendered":"https:\/\/stage.deutschland-nederland.eu\/?p=36345"},"modified":"2025-03-04T13:12:13","modified_gmt":"2025-03-04T10:12:13","slug":"4-kleine-projekte-mit-grosser-wirkung-die-euregios-bauen-an-europa","status":"publish","type":"post","link":"https:\/\/deutschland-nederland.eu\/de\/4-kleine-projekte-mit-grosser-wirkung-die-euregios-bauen-an-europa\/","title":{"rendered":"(4) Kleine Projekte mit gro\u00dfer Wirkung \u2013 Die Euregios bauen an Europa"},"content":{"rendered":"\n<p><em><strong>Diese Woche geht es weiter mit People to People-Projekten aus der EUREGIO. Die EUREGIO, mit ihrer Gesch\u00e4ftsstelle am Grenz\u00fcbergang Gronau-Enschede, ist ein grenz\u00fcbergreifender Zusammenschluss von 129 deutschen und niederl\u00e4ndischen Kommunen, (Land-)Kreisen und Waterschappen. Das Gebiet der EUREGIO umfasst rund 13.000 km\u00b2, auf denen etwa 3,4 Millionen Einwohner leben. Auf niederl\u00e4ndischer Seite erstreckt sich ihr Gebiet \u00fcber die Regionen Twente und Achterhoek sowie Teile von Noordoost-Overijssel und Zuidoost-Drenthe. Auf deutscher Seite umfasst sie das M\u00fcnsterland, den Landkreis Grafschaft Bentheim, die Stadt und den Landkreis Osnabr\u00fcck sowie Teile des s\u00fcdlichen Emslandes.<\/strong><\/em><\/p>\n\n\n\n<p>Die EUREGIO setzt sich f\u00fcr ein grenzenloses Zusammenleben in diesem Gebiet ein. H\u00fcrden zwischen Deutschland und den Niederlanden m\u00fcssen abgebaut werden, sodass B\u00fcrger, Kommunen und Unternehmen die vielf\u00e4ltigen Chancen beider L\u00e4nder optimal nutzen k\u00f6nnen. Die EUREGIO bildet somit eine Plattform und ist ein Bindeglied f\u00fcr ihre Mitglieder, um eine breite Palette grenz\u00fcbergreifender Ma\u00dfnahmen zu unterst\u00fctzen und zu realisieren. Sie ist ein Sprachrohr, das die speziellen Interessen der Grenzregion auch nach D\u00fcsseldorf, Hannover, Berlin und Den Haag tr\u00e4gt. Als ihre Aufgabe sieht die EUREGIO die F\u00f6rderung der soziokulturellen Zusammenarbeit sowie die St\u00e4rkung des Arbeitsmarkts und der Wirtschaft sowie der nachhaltigen Raumentwicklung des Grenzgebiets.<\/p>\n\n\n\n<p>Die EUREGIO wurde 1958 als erste grenz\u00fcberschreitende Organisation auf regionaler Ebene gegr\u00fcndet. 1978 wurde der EUREGIO-Rat ins Leben gerufen. Der Rat ist das politische Gremium innerhalb der EUREGIO. Seit 2016 ist die EUREGIO, die bis dahin ein eingetragener Verein war, ein niederl\u00e4ndisch-deutscher \u00f6ffentlich-rechtlicher Zweckverband. Auch diese EUREGIO unterst\u00fctzt Klein- und Miniprojekte, die wir Ihnen in dieser Woche vorstellen m\u00f6chte.<\/p>\n\n\n\n<p><strong>Die T\u00e4nzerin von Auschwitz: Ausstellung zur Geschichte einer unbeugsamen Frau<\/strong><\/p>\n\n\n\n<figure class=\"wp-block-image size-large\"><img loading=\"lazy\" decoding=\"async\" width=\"1024\" height=\"768\" src=\"https:\/\/deutschland-nederland.eu\/wp-content\/uploads\/2023\/12\/EUR-Die-Taenzerin-von-Auschwitz_4-kopie-scaled-1-1024x768.jpg\" alt=\"\" class=\"wp-image-36339\" srcset=\"https:\/\/deutschland-nederland.eu\/wp-content\/uploads\/2023\/12\/EUR-Die-Taenzerin-von-Auschwitz_4-kopie-scaled-1-1024x768.jpg 1024w, https:\/\/deutschland-nederland.eu\/wp-content\/uploads\/2023\/12\/EUR-Die-Taenzerin-von-Auschwitz_4-kopie-scaled-1-300x225.jpg 300w, https:\/\/deutschland-nederland.eu\/wp-content\/uploads\/2023\/12\/EUR-Die-Taenzerin-von-Auschwitz_4-kopie-scaled-1-768x576.jpg 768w, https:\/\/deutschland-nederland.eu\/wp-content\/uploads\/2023\/12\/EUR-Die-Taenzerin-von-Auschwitz_4-kopie-scaled-1-1536x1152.jpg 1536w, https:\/\/deutschland-nederland.eu\/wp-content\/uploads\/2023\/12\/EUR-Die-Taenzerin-von-Auschwitz_4-kopie-scaled-1-2048x1536.jpg 2048w, https:\/\/deutschland-nederland.eu\/wp-content\/uploads\/2023\/12\/EUR-Die-Taenzerin-von-Auschwitz_4-kopie-scaled-1-1320x990.jpg 1320w\" sizes=\"auto, (max-width: 1024px) 100vw, 1024px\" \/><figcaption class=\"wp-element-caption\">\u00dcberlebensstrategie<\/figcaption><\/figure>\n\n\n\n<p>Roosje Glaser, eine in Deutschland aufgewachsene j\u00fcdische Tanzlehrerin, arbeitete in den Niederlanden in ihrer eigenen Tanzschule als die Deutschen die Niederlande besetzten. Da sie als J\u00fcdin keine Tanzschule mehr f\u00fchren durfte, betrieb sie ihre Tanzschule heimlich auf dem Dachboden weiter. Verraten von ihrem Ex-Mann, kam sie in ein niederl\u00e4ndisches Konzentrationslager und wurde schlie\u00dflich ins Vernichtungslager nach Auschwitz deportiert. Abends in der Baracke dichtete sie, schrieb Lieder. Als sie von den Mannschaftsabenden der SS erfuhr, bot sie sich als T\u00e4nzerin an, gab sogar Tanzunterricht und \u00fcberlebte dadurch und durch ihren unbeugsamen Willen das Todeslager.<\/p>\n\n\n\n<p>Die zweisprachige Wanderausstellung: \u201eDie T\u00e4nzerin von Auschwitz\u201c erz\u00e4hlt anhand von authentischen Zeitdokumenten, wie Fotos, Filmausschnitten, Musik und Briefen \u00fcber das Leben der \u201eunbeugsamen\u201c J\u00fcdin in den von den Nationalsozialisten besetzten Niederlanden, \u00fcber den \u00dcberlebenskampf und ihre \u00dcberlebensstrategie in Auschwitz, \u00fcber das Weiterleben und die Auseinandersetzung mit der eigenen Lebensgeschichte in Schweden. Die Ausstellung wurde am 23. Mai 2019 in der St. Katharinenkirche in Osnabr\u00fcck feierlich er\u00f6ffnet und war dort bis zum 25. August 2019 zu sehen. Begleitet wurde sie dabei von einem ausf\u00fchrlichen Programm, das mit und f\u00fcr verschiedene gesellschaftliche Gruppen zusammengestellt wurde. \u201eMit der Ausstellung und dem Begleitprogramm wollen wir uns auch der Frage stellen, wie wir als \u201aZweitzeugen\u2018 gegensteuern, wenn Antisemitismus und Nationalismus in unserer Gesellschaft wieder erschreckende Ausma\u00dfe annehmen\u201c, so Pastor Otto Weymann, St. Katharinenkirche Osnabr\u00fcck. Anschlie\u00dfend wanderte die Ausstellung im EUREGIO-Gebiet weiter.<\/p>\n\n\n\n<p><strong>Grensbeleving Enschede \u2013 Ahaus \u2013 Gronau<\/strong><\/p>\n\n\n\n<p>Unterschiedliche Formen von Grenzsteinen zeigen auch heute noch den Verlauf der deutsch-niederl\u00e4ndischen Grenze \u2013 obwohl die Region heute grenzenlos erfahrbar ist. Der grenz\u00fcberschreitende Radweg \u201eVon Poal to Poal\u201c, den die Stichting Historische Soci\u00ebteit Enschede-Lonneker und der Heimatverein Alst\u00e4tte e.V. gemeinsam neu belebt haben, f\u00fchrt die Radfahrer vom \u201eWerthepaal\u201c im S\u00fcden Enschedes an die Grenze zu Alst\u00e4tte bis zum Drilandstein im Norden von Gronau an die Grenze zu Losser und umgekehrt. Auf der insgesamt knapp 30 Kilometer langen Route passiert man zahlreiche Grenzsteine und erh\u00e4lt Informationen \u00fcber die Geschichte der Grenze oder \u00fcber den Grenzstein selbst.<\/p>\n\n\n\n<p>Die Informationen werden in einem QR-Code verschl\u00fcsselt, der mit einem QR-Code-Scanner gelesen werden kann \u2013 eine Internetverbindung ist daf\u00fcr nicht erforderlich. Auf diese Weise werden die Geschichten \u00fcber die Grenze und die Grenzsteine lebendig.<\/p>\n\n\n\n<p>Die landschaftlich sch\u00f6ne Route \u00fcberquert dabei nicht nur die Grenze im r\u00e4umlichen Sinn, sondern auch die Sprachgrenze: Alle Informationen, im Fahrradf\u00fchrer, in den QR-Codes und auf den Informationstafeln sind sowohl auf Deutsch als auch auf Niederl\u00e4ndisch verf\u00fcgbar.<\/p>\n\n\n\n<p>Die B\u00fcrgermeisterin von Ahaus, Karola Vo\u00df, und Jeroen Diepenmaat, Wethouder der Stadt Enschede, er\u00f6ffnen die Fahrradroute am 26.04.2019 gemeinsam. \u201eSie haben eine wunderbare Route gemacht. Und man kann auch etwas \u00fcber unsere Geschichte lernen. Das ist eine sch\u00f6ne Kombination\u201c, lobt Jeroen Diepenmaat die Freiwilligen, die das Projekt zum Erfolg gef\u00fchrt haben.<\/p>\n\n\n\n<figure class=\"wp-block-image size-full\"><img loading=\"lazy\" decoding=\"async\" width=\"1024\" height=\"768\" src=\"https:\/\/deutschland-nederland.eu\/wp-content\/uploads\/2023\/12\/EUR-Grensbeleving-Enschede_Ahaus_Gronau_5-kopie-1024x768-1.jpg\" alt=\"\" class=\"wp-image-36342\" srcset=\"https:\/\/deutschland-nederland.eu\/wp-content\/uploads\/2023\/12\/EUR-Grensbeleving-Enschede_Ahaus_Gronau_5-kopie-1024x768-1.jpg 1024w, https:\/\/deutschland-nederland.eu\/wp-content\/uploads\/2023\/12\/EUR-Grensbeleving-Enschede_Ahaus_Gronau_5-kopie-1024x768-1-300x225.jpg 300w, https:\/\/deutschland-nederland.eu\/wp-content\/uploads\/2023\/12\/EUR-Grensbeleving-Enschede_Ahaus_Gronau_5-kopie-1024x768-1-768x576.jpg 768w\" sizes=\"auto, (max-width: 1024px) 100vw, 1024px\" \/><figcaption class=\"wp-element-caption\">Grenz\u00fcberschreitender Radweg<\/figcaption><\/figure>\n\n\n\n<p>Klingt spannend, oder? Gerne k\u00f6nnen Sie in unserer\u00a0<a href=\"https:\/\/deutschland-nederland.eu\/projekt-datenbank\/\">Projektdatenbank<\/a>\u00a0noch mehr spannende Projekte aus dieser Euregio erleben und sich bei Projektideen bei dem f\u00fcr Sie zust\u00e4ndigen\u00a0Programmmanagement\u00a0melden.<\/p>\n","protected":false},"excerpt":{"rendered":"<p>Diese Woche geht es weiter mit People to People-Projekten aus der EUREGIO. Die EUREGIO, mit ihrer Gesch\u00e4ftsstelle am Grenz\u00fcbergang Gronau-Enschede, ist ein grenz\u00fcbergreifender&#8230;<\/p>\n","protected":false},"author":98,"featured_media":36339,"comment_status":"closed","ping_status":"closed","sticky":false,"template":"","format":"standard","meta":{"_acf_changed":false,"footnotes":""},"categories":[20],"tags":[],"class_list":["post-36345","post","type-post","status-publish","format-standard","has-post-thumbnail","hentry","category-allgemein"],"acf":[],"_links":{"self":[{"href":"https:\/\/deutschland-nederland.eu\/de\/wp-json\/wp\/v2\/posts\/36345","targetHints":{"allow":["GET"]}}],"collection":[{"href":"https:\/\/deutschland-nederland.eu\/de\/wp-json\/wp\/v2\/posts"}],"about":[{"href":"https:\/\/deutschland-nederland.eu\/de\/wp-json\/wp\/v2\/types\/post"}],"author":[{"embeddable":true,"href":"https:\/\/deutschland-nederland.eu\/de\/wp-json\/wp\/v2\/users\/98"}],"replies":[{"embeddable":true,"href":"https:\/\/deutschland-nederland.eu\/de\/wp-json\/wp\/v2\/comments?post=36345"}],"version-history":[{"count":0,"href":"https:\/\/deutschland-nederland.eu\/de\/wp-json\/wp\/v2\/posts\/36345\/revisions"}],"wp:featuredmedia":[{"embeddable":true,"href":"https:\/\/deutschland-nederland.eu\/de\/wp-json\/wp\/v2\/media\/36339"}],"wp:attachment":[{"href":"https:\/\/deutschland-nederland.eu\/de\/wp-json\/wp\/v2\/media?parent=36345"}],"wp:term":[{"taxonomy":"category","embeddable":true,"href":"https:\/\/deutschland-nederland.eu\/de\/wp-json\/wp\/v2\/categories?post=36345"},{"taxonomy":"post_tag","embeddable":true,"href":"https:\/\/deutschland-nederland.eu\/de\/wp-json\/wp\/v2\/tags?post=36345"}],"curies":[{"name":"wp","href":"https:\/\/api.w.org\/{rel}","templated":true}]}}