

{"id":33844,"date":"2023-01-11T16:36:00","date_gmt":"2023-01-11T13:36:00","guid":{"rendered":"https:\/\/stage.deutschland-nederland.eu\/?p=33844"},"modified":"2023-12-14T21:51:00","modified_gmt":"2023-12-14T18:51:00","slug":"neues-interreg-projekt-in-der-euregio-rhein-waal","status":"publish","type":"post","link":"https:\/\/deutschland-nederland.eu\/de\/neues-interreg-projekt-in-der-euregio-rhein-waal\/","title":{"rendered":"Neues Interreg-Projekt in der Euregio Rhein-Waal"},"content":{"rendered":"\n<p><em><strong>Der Interreg-Lenkungsausschuss f\u00fcr das Gebiet der Euregio Rhein-Waal hat Ende 2022 mit \u201eDer Rhein verbindet\u201c das erste Interreg VI A-Projekt in der neuen F\u00f6rderperiode 2022-2027 genehmigt.<\/strong><\/em><\/p>\n\n\n\n<p>Durch die neue Initiative flie\u00dfen in den kommenden Jahren ca. 1,8 Millionen Euro in die Euregio Rhein-Waal. Diesen Betrag stellt die Europ\u00e4ische Union aus dem Programm Interreg Deutschland-Nederland, Unterprogramm des Europ\u00e4ischen Fonds f\u00fcr Regionale Entwicklung (EFRE), zur Verf\u00fcgung.<\/p>\n\n\n\n<p><strong>Der Rhein Verbindet<\/strong><br>Ziel des Projekts \u2018Der Rhein Verbindet\u2018 ist eine neue grenz\u00fcberschreitende und gesellschaftsweite deutsch-niederl\u00e4ndische Zusammenarbeit f\u00fcr ein besseres Gleichgewicht zwischen Mensch und Natur im Lebensraum Rhein. Die Partner arbeiten daran dreigleisig: 1)Ein Gesunder Rhein, der Mensch und Tier nicht schadet, indem Probleme wie Plastikverschmutzung und Fischsch\u00e4digungen durch Schifffahrt reduziert werden und auf die Erholung von Wanderfischen hingearbeitet wird; 2) Ein Gr\u00fcner Rhein, der zu Klimaanpassung und Biodiversit\u00e4t beitr\u00e4gt, indem Auw\u00e4lder, ein \u00f6kologischer Korridor zwischen dem Niederrhein und den \u201eRijnstrangen\u201c und \u201elebendige Deiche\u201c mit h\u00f6herer Biodiversit\u00e4t gef\u00f6rdert und entwickelt werden; 3) Ein Lebendiger Rhein, der in den K\u00f6pfen der Menschen eine Bedeutung hat und so Mensch und Natur verbindet. Dies m\u00f6chten die Projektpartner erreiche, indem sie Beh\u00f6rden, zivilgesellschaftliche Organisationen, Wirtschaftssektoren, Anwohner, Freiwillige und Studenten zur L\u00f6sung der Problematiken des Rheins durch Sensibilisierung, Kommunikation, Bildung und Partizipation miteinbeziehen.<\/p>\n\n\n\n<p>Die n\u00e4chste vier Jahre m\u00f6chte \u201eDer Rhein verbindet\u201c dazu die folgenden konkreten Ergebnisse erzielen:<\/p>\n\n\n\n<ul class=\"wp-block-list\">\n<li>Weniger Plastikverschmutzung durch Aufr\u00e4umaktionen (mind. 200 M\u00fclls\u00e4cke)<\/li>\n\n\n\n<li>L\u00f6sungsans\u00e4tze bez\u00fcglich Plastikverschmutzung (Analyse ca. 40.000 Plastikteilen) und Fischsch\u00e4digung durch Schifffahrt<\/li>\n\n\n\n<li>Aussetzung von +\/- 300.000 Maifischlarven und +\/- 500 juvenilen St\u00f6ren in den Rhein<\/li>\n\n\n\n<li>Raum f\u00fcr Auwaldentwicklung von ca. 15 ha bei Berg en Dal<\/li>\n\n\n\n<li>Flussholz als Lebensraum f\u00fcr aquatische Organismen an 2 Standorten entlang des Rheins im Kreis Wesel<\/li>\n\n\n\n<li>Ca. 1,5 km \u201aLebendige Deiche\u2018 mit h\u00f6herer Biodiversit\u00e4t in den Kreisen Wesel und Kleve<\/li>\n\n\n\n<li>Verbesserter Wasserhaushalt im grenz\u00fcberschreitenden Korridor Niederrhein-Rijnstrangen (ca. 300 ha)<\/li>\n\n\n\n<li>Ausstellungen zu Wanderfischen, Fischottern und Plastikverschmutzung im Rhein in den Museen De Bastei (Nijmegen) und Schloss Benrath (D\u00fcsseldorf)<\/li>\n\n\n\n<li>Online-3D-Rhein-Besucherzentrum<\/li>\n\n\n\n<li>Zukunftsagenda f\u00fcr einen gesunden, gr\u00fcnen und lebendigen Rhein<\/li>\n<\/ul>\n\n\n\n<p><em>Der Lead Partner Rijkswaterstaat im Rahmen von \u201cDer Rhein verbindet\u201d mit ARK Natuurontwikkeling (Nijmegen), Naturschutzzentrum im Kreis Kleve e.V. (Rees), NABU-Naturschutzstation Niederrhein e.V. (Kleve), Biologische Station im Kreis Wesel e.V. (Wesel), Rheinischer Fischereiverband von 1880 e.V. (Siegburg), Sportvisserij Nederland (Bilthoven), Ravon (Nijmegen), Stiftung Schloss und Park Benrath (D\u00fcsseldorf) und Stichting De Bastei (Nijmegen) zusammen. Auch werden die Organisationen Waterschap Rijn en IJssel (Doetinchem), Hengelsport Federatie Midden Nederland (Westervoort), Landschaftsfischereiverband Westfalen und Lippe e.V. (M\u00fcnster) und die Bezirksregierung D\u00fcsseldorf eng beim Projekt einbezogen.<\/em><\/p>\n\n\n\n<p><em>Das Projekt wird unterst\u00fctzt durch das &nbsp;EU-Programm Interreg Deutschland-Nederland, das Ministerium f\u00fcr Wirtschaft, Industrie, Klima und Energie des Landes Nordrhein-Westfalen und die Provincie Gelderland. Das Projekt wird durch das Regionale Programmamanagement bei der Euregio Rhein-Waal begleitet.<\/em><\/p>\n","protected":false},"excerpt":{"rendered":"<p>Der Interreg-Lenkungsausschuss f\u00fcr das Gebiet der Euregio Rhein-Waal hat Ende 2022 mit \u201eDer Rhein verbindet\u201c das erste&#8230;<\/p>\n","protected":false},"author":98,"featured_media":33815,"comment_status":"closed","ping_status":"closed","sticky":false,"template":"","format":"standard","meta":{"_acf_changed":false,"footnotes":""},"categories":[20,21],"tags":[],"class_list":["post-33844","post","type-post","status-publish","format-standard","has-post-thumbnail","hentry","category-allgemein","category-start"],"acf":[],"_links":{"self":[{"href":"https:\/\/deutschland-nederland.eu\/de\/wp-json\/wp\/v2\/posts\/33844","targetHints":{"allow":["GET"]}}],"collection":[{"href":"https:\/\/deutschland-nederland.eu\/de\/wp-json\/wp\/v2\/posts"}],"about":[{"href":"https:\/\/deutschland-nederland.eu\/de\/wp-json\/wp\/v2\/types\/post"}],"author":[{"embeddable":true,"href":"https:\/\/deutschland-nederland.eu\/de\/wp-json\/wp\/v2\/users\/98"}],"replies":[{"embeddable":true,"href":"https:\/\/deutschland-nederland.eu\/de\/wp-json\/wp\/v2\/comments?post=33844"}],"version-history":[{"count":0,"href":"https:\/\/deutschland-nederland.eu\/de\/wp-json\/wp\/v2\/posts\/33844\/revisions"}],"wp:featuredmedia":[{"embeddable":true,"href":"https:\/\/deutschland-nederland.eu\/de\/wp-json\/wp\/v2\/media\/33815"}],"wp:attachment":[{"href":"https:\/\/deutschland-nederland.eu\/de\/wp-json\/wp\/v2\/media?parent=33844"}],"wp:term":[{"taxonomy":"category","embeddable":true,"href":"https:\/\/deutschland-nederland.eu\/de\/wp-json\/wp\/v2\/categories?post=33844"},{"taxonomy":"post_tag","embeddable":true,"href":"https:\/\/deutschland-nederland.eu\/de\/wp-json\/wp\/v2\/tags?post=33844"}],"curies":[{"name":"wp","href":"https:\/\/api.w.org\/{rel}","templated":true}]}}