

{"id":32863,"date":"2023-11-22T01:04:00","date_gmt":"2023-11-21T22:04:00","guid":{"rendered":"https:\/\/stage.deutschland-nederland.eu\/?p=32863"},"modified":"2024-07-02T16:54:31","modified_gmt":"2024-07-02T13:54:31","slug":"grenzlandkonferenz","status":"publish","type":"post","link":"https:\/\/deutschland-nederland.eu\/de\/grenzlandkonferenz\/","title":{"rendered":"Grenzlandkonferenz"},"content":{"rendered":"\n<p><\/p>\n\n\n\n<p>Die letzte Grenzlandkonferenz fand am 6. Dezember 2023 statt. Mehr zur Grenzlandkonferenz 2024 auf:\u00a0<a href=\"https:\/\/www.grenzlandkonferenz.de\/de\/\" rel=\"nofollow noopener\" target=\"_blank\">https:\/\/www.grenzlandkonferenz.de\/de\/<\/a><\/p>\n\n\n\n<p><\/p>\n","protected":false},"excerpt":{"rendered":"<p>Die nordrhein-westf\u00e4lisch-niederl\u00e4ndische Grenzlandkonferenz findet j\u00e4hrlich statt. Am 6. Dezember dieses Jahres ist Nijmegen an der Reihe, nach&#8230;<\/p>\n","protected":false},"author":1,"featured_media":32864,"comment_status":"closed","ping_status":"closed","sticky":false,"template":"","format":"standard","meta":{"_acf_changed":false,"footnotes":""},"categories":[20,21],"tags":[],"class_list":["post-32863","post","type-post","status-publish","format-standard","has-post-thumbnail","hentry","category-allgemein","category-start"],"acf":[],"_links":{"self":[{"href":"https:\/\/deutschland-nederland.eu\/de\/wp-json\/wp\/v2\/posts\/32863","targetHints":{"allow":["GET"]}}],"collection":[{"href":"https:\/\/deutschland-nederland.eu\/de\/wp-json\/wp\/v2\/posts"}],"about":[{"href":"https:\/\/deutschland-nederland.eu\/de\/wp-json\/wp\/v2\/types\/post"}],"author":[{"embeddable":true,"href":"https:\/\/deutschland-nederland.eu\/de\/wp-json\/wp\/v2\/users\/1"}],"replies":[{"embeddable":true,"href":"https:\/\/deutschland-nederland.eu\/de\/wp-json\/wp\/v2\/comments?post=32863"}],"version-history":[{"count":3,"href":"https:\/\/deutschland-nederland.eu\/de\/wp-json\/wp\/v2\/posts\/32863\/revisions"}],"predecessor-version":[{"id":41017,"href":"https:\/\/deutschland-nederland.eu\/de\/wp-json\/wp\/v2\/posts\/32863\/revisions\/41017"}],"wp:featuredmedia":[{"embeddable":true,"href":"https:\/\/deutschland-nederland.eu\/de\/wp-json\/wp\/v2\/media\/32864"}],"wp:attachment":[{"href":"https:\/\/deutschland-nederland.eu\/de\/wp-json\/wp\/v2\/media?parent=32863"}],"wp:term":[{"taxonomy":"category","embeddable":true,"href":"https:\/\/deutschland-nederland.eu\/de\/wp-json\/wp\/v2\/categories?post=32863"},{"taxonomy":"post_tag","embeddable":true,"href":"https:\/\/deutschland-nederland.eu\/de\/wp-json\/wp\/v2\/tags?post=32863"}],"curies":[{"name":"wp","href":"https:\/\/api.w.org\/{rel}","templated":true}]}}